{"id":460,"date":"2021-11-30T13:31:36","date_gmt":"2021-11-30T12:31:36","guid":{"rendered":"https:\/\/bretxa.eus\/?p=460"},"modified":"2021-11-30T13:31:36","modified_gmt":"2021-11-30T12:31:36","slug":"el-sindrome-de-down-se-merece-un-podio-en-paris","status":"publish","type":"post","link":"https:\/\/bretxa.eus\/eu\/actualidad\/el-sindrome-de-down-se-merece-un-podio-en-paris\/","title":{"rendered":"El s\u00edndrome de Down se merece un podio en Par\u00eds"},"content":{"rendered":"<p><b>El Club Bertako <\/b>promueve la inclusi\u00f3n de los deportistas con discapacidad intelectual en los pr\u00f3ximos Juegos Ol\u00edmpicos de 2024<\/p>\n<p>Cuando lean estas l\u00edneas ya habr\u00e1 tenido lugar en la ciudad china de Taipei la <b>Asamblea General del CPI (Comit\u00e9 Paral\u00edmpico Internacional) <\/b>donde, entre otros asuntos, se ten\u00eda que tratar la creaci\u00f3n de una categor\u00eda espec\u00edfica para los atletas con S\u00edndrome de Down en los pr\u00f3ximos Juegos Ol\u00edmpicos, que se celebrar\u00e1n en Par\u00eds en 2024. Una cuesti\u00f3n que ha encontrado numerosas adhesiones, incluida la del Ministerio de Cultura y Deporte y federaciones internacionales, y que responde a una simple raz\u00f3n de justicia.<\/p>\n<p>Cuando <b>Mikel Garc\u00eda Aguirrezabal, <\/b>un joven atleta de 25 a\u00f1os con s\u00edndrome de Down, se proclam\u00f3 campe\u00f3n del mundo de atletismo en Brisbane (Australia) en 2019 le preguntaron si estaba preparando los Juegos de Tokio 2020-2021. Por desgracia su respuesta no dej\u00f3 lugar a dudas: \u201c<i>mi categor\u00eda no compite en los Juegos Paral\u00edmpicos<\/i>\u201d, se\u00f1al\u00f3 entonces.<\/p>\n<p>Todo deportista, con o sin discapacidad, merece poder demostrar ante el mundo el nivel de excelencia que ha conseguido a base de trabajo y duros entrenamientos. \u00bfPor qu\u00e9 entonces las mujeres y hombres con s\u00edndrome de Down no pueden hacerlo? \u00bfAcaso no tienen categor\u00eda humana y deportiva para ser para-atletas? Si cualquier deportista con discapacidad intelectual se encuentra con barreras y escasez de pruebas en los Juegos Paral\u00edmpicos, m\u00e1s a\u00fan los atletas con s\u00edndrome de Down.<span class=\"Apple-converted-space\">\u00a0<\/span><\/p>\n<p>Son muchas las federaciones internacionales que han decidido fundar un organismo paralelo e independiente del CPI y organizar sus propias competiciones; una vez m\u00e1s hacemos que las personas con S\u00edndrome de Down vivan en un mundo paralelo.<span class=\"Apple-converted-space\">\u00a0<\/span><\/p>\n<p>Por fortuna, algunas federaciones nacionales, como FEDDI, empiezan a creer que merecen el mismo trato que los dem\u00e1s deportistas con discapacidad. Y en este contexto, el <b>Club Bertako, <\/b>bajo la tutela de Javi Conde, ha asumido como propia esta reivindicaci\u00f3n. Lo que empez\u00f3 siendo el sue\u00f1o de unos pocos se est\u00e1 convirtiendo en un clamor. Para muestra el premio de la <b>Fundaci\u00f3n GaituzSport<\/b> recibido por el <b>Club Bertako <\/b>durante la pasada gala de la <b>Noche Inclusiva <\/b>donde se reconoci\u00f3 la labor desarrollada por<span class=\"Apple-converted-space\">\u00a0 <\/span>personas y entidades en el fomento de la inclusi\u00f3n a trav\u00e9s del deporte.<\/p>\n<p>La meta est\u00e1 situada en Par\u00eds 2024 y en la inclusi\u00f3n real de los deportistas con s\u00edndrome de Down adem\u00e1s de la extensi\u00f3n en el n\u00famero de pruebas para atletas con Discapacidad Intelectual que pal\u00eden su infra-representaci\u00f3n. El sue\u00f1o tambi\u00e9n incluye el ver a Mikel compitiendo con sus iguales en la capital francesa, se lo merece.<span class=\"Apple-converted-space\">\u00a0<\/span><\/p>\n<p>&nbsp;<\/p>\n<p>www.bertako.eus<\/p>\n","protected":false},"excerpt":{"rendered":"<p>El Club Bertako promueve la inclusi\u00f3n de los deportistas con discapacidad intelectual en los pr\u00f3ximos Juegos Ol\u00edmpicos de 2024 Cuando lean estas l\u00edneas ya habr\u00e1 tenido lugar en la ciudad china de Taipei la Asamblea General del CPI (Comit\u00e9 Paral\u00edmpico Internacional) donde, entre otros asuntos, se ten\u00eda que tratar la creaci\u00f3n de una categor\u00eda espec\u00edfica [&hellip;]<\/p>\n","protected":false},"author":2,"featured_media":461,"comment_status":"open","ping_status":"open","sticky":false,"template":"","format":"standard","meta":[],"categories":[12],"tags":[],"_links":{"self":[{"href":"https:\/\/bretxa.eus\/eu\/wp-json\/wp\/v2\/posts\/460"}],"collection":[{"href":"https:\/\/bretxa.eus\/eu\/wp-json\/wp\/v2\/posts"}],"about":[{"href":"https:\/\/bretxa.eus\/eu\/wp-json\/wp\/v2\/types\/post"}],"author":[{"embeddable":true,"href":"https:\/\/bretxa.eus\/eu\/wp-json\/wp\/v2\/users\/2"}],"replies":[{"embeddable":true,"href":"https:\/\/bretxa.eus\/eu\/wp-json\/wp\/v2\/comments?post=460"}],"version-history":[{"count":1,"href":"https:\/\/bretxa.eus\/eu\/wp-json\/wp\/v2\/posts\/460\/revisions"}],"predecessor-version":[{"id":463,"href":"https:\/\/bretxa.eus\/eu\/wp-json\/wp\/v2\/posts\/460\/revisions\/463"}],"wp:featuredmedia":[{"embeddable":true,"href":"https:\/\/bretxa.eus\/eu\/wp-json\/wp\/v2\/media\/461"}],"wp:attachment":[{"href":"https:\/\/bretxa.eus\/eu\/wp-json\/wp\/v2\/media?parent=460"}],"wp:term":[{"taxonomy":"category","embeddable":true,"href":"https:\/\/bretxa.eus\/eu\/wp-json\/wp\/v2\/categories?post=460"},{"taxonomy":"post_tag","embeddable":true,"href":"https:\/\/bretxa.eus\/eu\/wp-json\/wp\/v2\/tags?post=460"}],"curies":[{"name":"wp","href":"https:\/\/api.w.org\/{rel}","templated":true}]}}