{"id":129,"date":"2020-12-31T10:01:14","date_gmt":"2020-12-31T09:01:14","guid":{"rendered":"https:\/\/bretxa.eus\/?p=129"},"modified":"2020-12-31T10:02:10","modified_gmt":"2020-12-31T09:02:10","slug":"gurutzeta-sagardotegia-2021an-txotxean-eta-baita-botilan-ere","status":"publish","type":"post","link":"https:\/\/bretxa.eus\/es\/actualidad\/gurutzeta-sagardotegia-2021an-txotxean-eta-baita-botilan-ere\/","title":{"rendered":"Gurutzeta sagardotegia 2021an, txotxean eta baita botilan ere"},"content":{"rendered":"\r\n<p>2.021ko txotx denboraldiaren aurrean, noiz hasiko den ez jakin arren, aspaldi ekin genion bere prestaketari eta ilusio handiz harturiko erronka dugu esku artean, sagardotegiko giro berezi, lagun-arteko, eroso eta batez ere segurua guztioi eskaintzeko. Horretarako saiatu gara upategi eta jan-gela bera ere egokitzen, gaur egun, eskatzen dituzten beharretara, batez ere edukiera eta aireztapenari dagokionez. Beti ere, Gurutzetara hurbiltzen zaikigun bezero eta lagunei giro familiarra eta hurbila eskaintze aldera.<\/p>\r\n\r\n\r\n\r\n<p>2021ko txotxaz disfruta ahal dezazun, zai gauzkazu Gurutzeta sagardotegian eta hasiera noiz izango den jakin nahi baduzu, bidal eiguzu e-maila <a href=\"mailto:gurutzeta@gurutzeta.com-ra\">gurutzeta@gurutzeta.com-ra<\/a> eta erantzungo dizugu. \u00a0<\/p>\r\n\r\n\r\n\r\n<p><strong>SIDRERIA GURUTZETA EN EL\u00a0 2021 COMO SIEMPRE SIDRA EN TXOTX Y EN BOTELLA<\/strong><\/p>\r\n\r\n\r\n\r\n<p>Desde Sidrer\u00eda Gurutzeta nos hemos preparado con gran ilusi\u00f3n para el inicio de la temporada de TXOTX 2021, que aunque no sabemos cu\u00e1ndo comenzar\u00e1, queremos que nos permita disfrutar a todos en un ambiente intimo, c\u00f3modo, agradable y seguro. Para ello hemos adaptado la bodega y el comedor teniendo en cuenta las nuevas necesidades de aforo y ventilaci\u00f3n , manteniendo esa sensaci\u00f3n de ambiente familiar y cercano que nos caracteriza.<\/p>\r\n\r\n\r\n\r\n<p>Te esperamos para disfrutar del TXOTX 2021 en Sidrer\u00eda Gurutzeta, y si quieres que te comuniquemos la fecha del inicio de la temporada, env\u00edanos un mail a <a href=\"mailto:gurutzeta@gurutzeta.com\">gurutzeta@gurutzeta.com<\/a>\u00a0 y te avisaremos.<\/p>\r\n\r\n\r\n\r\n<p>Eta sagardo berriarekin hasi bitartean, gogorarazten dizugu botilan ere aukera ederra duzula probaketak egin ditzazun, honoko hauekin:<\/p>\r\n\r\n\r\n\r\n<p><strong>Gurutzeta Gorenak<\/strong> sagardoa, haibat barietatetako sagarrekin egina, leuna eta usain freskoduna, pintxoetarako edota poteorako oso aproposa.<\/p>\r\n\r\n\r\n\r\n<p><strong>Gurutzeta Euskal Sagardoa<\/strong>: Euskal Herriko sagarrekin egindakoa eta Jatorri Izendapendun sagardoa da. Gorputz sendokoa eta tradizionala, arrain\u00a0 eta haragiarekin probatzeko aproposa.<\/p>\r\n\r\n\r\n\r\n<p><strong>Gurutzeta Euskal Sagardoa Bio.<\/strong> Sagasti ekologikotik sortutako sagarrez egina, errexil sagarraren eragina nabarmentzen zaiona. Fruitu kutsu zoragarri eta orekatua daukana. Berezko txinparta basora itsasten zaiona. Janari guztiekin probatzeko primerakoa.<\/p>\r\n\r\n\r\n\r\n<p>Y hasta que podamos probar juntos la nueva sidra, te proponemos que la degustes en botella pudiendo elegir la que prefieras de nuestra gama:<\/p>\r\n\r\n\r\n\r\n<p><strong>GURUTZETA GORENAK<\/strong>: Multivarietal, muy suave y con aroma fresco, vers\u00e1til y perfecta para todo tipo de maridajes. Recomendada para ir de pintxos, aperitivo<\/p>\r\n\r\n\r\n\r\n<p><strong>GURUTZETA EUSKAL SAGARDOA<\/strong>: Base varietal aut\u00f3ctona, tradicional y con cuerpo. Apropiada para acompa\u00f1ar platos de pescado y carne (txuleta).<\/p>\r\n\r\n\r\n\r\n<p><strong>GURUTZETA EUSKAL SAGARDOA BIO<\/strong>: elaborada con predominio demanzanas tipo ERREZIL de producci\u00f3n ecol\u00f3gica. Afrutada y muy equilibrada; aroma limpio. Hace un vaso extraordinario debido al carb\u00f3nico natural de la fermentaci\u00f3n. Vers\u00e1til, marida con todo tipo de platos.<\/p>\r\n","protected":false},"excerpt":{"rendered":"<p>2.021ko txotx denboraldiaren aurrean, noiz hasiko den ez jakin arren, aspaldi ekin genion bere prestaketari eta ilusio handiz harturiko erronka dugu esku artean, sagardotegiko giro berezi, lagun-arteko, eroso eta batez ere segurua guztioi eskaintzeko. Horretarako saiatu gara upategi eta jan-gela bera ere egokitzen, gaur egun, eskatzen dituzten beharretara, batez ere edukiera eta aireztapenari dagokionez. Beti [&hellip;]<\/p>\n","protected":false},"author":1,"featured_media":131,"comment_status":"open","ping_status":"open","sticky":false,"template":"","format":"standard","meta":[],"categories":[1],"tags":[],"_links":{"self":[{"href":"https:\/\/bretxa.eus\/es\/wp-json\/wp\/v2\/posts\/129"}],"collection":[{"href":"https:\/\/bretxa.eus\/es\/wp-json\/wp\/v2\/posts"}],"about":[{"href":"https:\/\/bretxa.eus\/es\/wp-json\/wp\/v2\/types\/post"}],"author":[{"embeddable":true,"href":"https:\/\/bretxa.eus\/es\/wp-json\/wp\/v2\/users\/1"}],"replies":[{"embeddable":true,"href":"https:\/\/bretxa.eus\/es\/wp-json\/wp\/v2\/comments?post=129"}],"version-history":[{"count":2,"href":"https:\/\/bretxa.eus\/es\/wp-json\/wp\/v2\/posts\/129\/revisions"}],"predecessor-version":[{"id":132,"href":"https:\/\/bretxa.eus\/es\/wp-json\/wp\/v2\/posts\/129\/revisions\/132"}],"wp:featuredmedia":[{"embeddable":true,"href":"https:\/\/bretxa.eus\/es\/wp-json\/wp\/v2\/media\/131"}],"wp:attachment":[{"href":"https:\/\/bretxa.eus\/es\/wp-json\/wp\/v2\/media?parent=129"}],"wp:term":[{"taxonomy":"category","embeddable":true,"href":"https:\/\/bretxa.eus\/es\/wp-json\/wp\/v2\/categories?post=129"},{"taxonomy":"post_tag","embeddable":true,"href":"https:\/\/bretxa.eus\/es\/wp-json\/wp\/v2\/tags?post=129"}],"curies":[{"name":"wp","href":"https:\/\/api.w.org\/{rel}","templated":true}]}}